{"id":2046,"date":"2021-06-03T09:23:39","date_gmt":"2021-06-03T07:23:39","guid":{"rendered":"https:\/\/mtvi-turnen.de\/wp_turnen\/?p=2046"},"modified":"2024-08-29T13:13:53","modified_gmt":"2024-08-29T11:13:53","slug":"pilates","status":"publish","type":"post","link":"https:\/\/mtvi-turnen.de\/wp_turnen\/pilates\/","title":{"rendered":"Pilates"},"content":{"rendered":"\n<p><strong>Trainingszeiten: <\/strong>Freitag, 17.30-18.30 Uhr <\/p>\n\n\n\n<p><strong>Trainingsort: <\/strong>Molkereistra\u00dfe 2, 38550 Isenb\u00fcttel<\/p>\n\n\n\n<p><strong>Trainerin:<\/strong> Doroth\u00e9e Fricke<\/p>\n\n\n\n<p><strong>Wichtiger Hinweis:<\/strong> Pilates wird derzeit nur als Kurs angeboten. Der n\u00e4chste Kurs startet am 27.09.2024!!<\/p>\n","protected":false},"excerpt":{"rendered":"<p>Trainingszeiten: Freitag, 17.30-18.30 Uhr Trainingsort: Molkereistra\u00dfe 2, 38550 Isenb\u00fcttel Trainerin: Doroth\u00e9e Fricke Wichtiger Hinweis: Pilates wird derzeit nur als Kurs angeboten. Der n\u00e4chste Kurs startet am 27.09.2024!!<\/p>\n","protected":false},"author":2,"featured_media":0,"comment_status":"closed","ping_status":"closed","sticky":true,"template":"","format":"standard","meta":{"footnotes":""},"categories":[44],"tags":[],"class_list":["post-2046","post","type-post","status-publish","format-standard","hentry","category-pilates"],"_links":{"self":[{"href":"https:\/\/mtvi-turnen.de\/wp_turnen\/wp-json\/wp\/v2\/posts\/2046","targetHints":{"allow":["GET"]}}],"collection":[{"href":"https:\/\/mtvi-turnen.de\/wp_turnen\/wp-json\/wp\/v2\/posts"}],"about":[{"href":"https:\/\/mtvi-turnen.de\/wp_turnen\/wp-json\/wp\/v2\/types\/post"}],"author":[{"embeddable":true,"href":"https:\/\/mtvi-turnen.de\/wp_turnen\/wp-json\/wp\/v2\/users\/2"}],"replies":[{"embeddable":true,"href":"https:\/\/mtvi-turnen.de\/wp_turnen\/wp-json\/wp\/v2\/comments?post=2046"}],"version-history":[{"count":7,"href":"https:\/\/mtvi-turnen.de\/wp_turnen\/wp-json\/wp\/v2\/posts\/2046\/revisions"}],"predecessor-version":[{"id":2733,"href":"https:\/\/mtvi-turnen.de\/wp_turnen\/wp-json\/wp\/v2\/posts\/2046\/revisions\/2733"}],"wp:attachment":[{"href":"https:\/\/mtvi-turnen.de\/wp_turnen\/wp-json\/wp\/v2\/media?parent=2046"}],"wp:term":[{"taxonomy":"category","embeddable":true,"href":"https:\/\/mtvi-turnen.de\/wp_turnen\/wp-json\/wp\/v2\/categories?post=2046"},{"taxonomy":"post_tag","embeddable":true,"href":"https:\/\/mtvi-turnen.de\/wp_turnen\/wp-json\/wp\/v2\/tags?post=2046"}],"curies":[{"name":"wp","href":"https:\/\/api.w.org\/{rel}","templated":true}]}}