{"id":1978,"date":"2021-05-28T17:36:08","date_gmt":"2021-05-28T15:36:08","guid":{"rendered":"https:\/\/mtvi-turnen.de\/wp_turnen\/?p=1978"},"modified":"2023-01-20T08:35:06","modified_gmt":"2023-01-20T07:35:06","slug":"sportabzeichen","status":"publish","type":"post","link":"https:\/\/mtvi-turnen.de\/wp_turnen\/sportabzeichen\/","title":{"rendered":"Sportabzeichen"},"content":{"rendered":"\n<p>In der Turnsparte haben mehrere Trainer Lizenzen das Sportabzeichen abzunehmen. Gerne nehmen wir nat\u00fcrlich in der Disziplin <strong><em>Turnen <\/em><\/strong>die unterschiedlichen \u00dcbungen ab, aber auch f\u00fcr Disziplinen <strong><em>Leichtathletik, Radfahren <\/em><\/strong>und <strong><em>Schwimmen <\/em><\/strong>sind beispielsweise Maike Markhardt und Rita Lackmann berechtigt das Sportabzeichen abzunehmen.<\/p>\n\n\n\n<p>Regelm\u00e4\u00dfig absolvieren unsere Turnerinnen und Turner meist gruppenweise die Aufgaben und erreichen das Sportabzeichen.<\/p>\n\n\n\n<p>Aber auch Mitglieder aus anderen Sparten oder sogar Nichtmitglieder des MTV k\u00f6nnen hier ein Sportabzeichen erlangen.<\/p>\n","protected":false},"excerpt":{"rendered":"<p>In der Turnsparte haben mehrere Trainer Lizenzen das Sportabzeichen abzunehmen. Gerne nehmen wir nat\u00fcrlich in der Disziplin Turnen die unterschiedlichen \u00dcbungen ab, aber auch f\u00fcr Disziplinen Leichtathletik, Radfahren und Schwimmen sind beispielsweise Maike Markhardt und Rita Lackmann berechtigt das Sportabzeichen &hellip; <a href=\"https:\/\/mtvi-turnen.de\/wp_turnen\/sportabzeichen\/\">Weiterlesen <span class=\"meta-nav\">&rarr;<\/span><\/a><\/p>\n","protected":false},"author":2,"featured_media":0,"comment_status":"closed","ping_status":"closed","sticky":false,"template":"","format":"standard","meta":{"footnotes":""},"categories":[18],"tags":[],"class_list":["post-1978","post","type-post","status-publish","format-standard","hentry","category-aktuelles"],"_links":{"self":[{"href":"https:\/\/mtvi-turnen.de\/wp_turnen\/wp-json\/wp\/v2\/posts\/1978","targetHints":{"allow":["GET"]}}],"collection":[{"href":"https:\/\/mtvi-turnen.de\/wp_turnen\/wp-json\/wp\/v2\/posts"}],"about":[{"href":"https:\/\/mtvi-turnen.de\/wp_turnen\/wp-json\/wp\/v2\/types\/post"}],"author":[{"embeddable":true,"href":"https:\/\/mtvi-turnen.de\/wp_turnen\/wp-json\/wp\/v2\/users\/2"}],"replies":[{"embeddable":true,"href":"https:\/\/mtvi-turnen.de\/wp_turnen\/wp-json\/wp\/v2\/comments?post=1978"}],"version-history":[{"count":3,"href":"https:\/\/mtvi-turnen.de\/wp_turnen\/wp-json\/wp\/v2\/posts\/1978\/revisions"}],"predecessor-version":[{"id":2375,"href":"https:\/\/mtvi-turnen.de\/wp_turnen\/wp-json\/wp\/v2\/posts\/1978\/revisions\/2375"}],"wp:attachment":[{"href":"https:\/\/mtvi-turnen.de\/wp_turnen\/wp-json\/wp\/v2\/media?parent=1978"}],"wp:term":[{"taxonomy":"category","embeddable":true,"href":"https:\/\/mtvi-turnen.de\/wp_turnen\/wp-json\/wp\/v2\/categories?post=1978"},{"taxonomy":"post_tag","embeddable":true,"href":"https:\/\/mtvi-turnen.de\/wp_turnen\/wp-json\/wp\/v2\/tags?post=1978"}],"curies":[{"name":"wp","href":"https:\/\/api.w.org\/{rel}","templated":true}]}}